{"id":7107,"date":"2023-01-24T22:10:29","date_gmt":"2023-01-24T21:10:29","guid":{"rendered":"https:\/\/albanien.ch\/albanien_info\/?p=7107"},"modified":"2023-08-12T23:20:27","modified_gmt":"2023-08-12T21:20:27","slug":"verhalten-in-albanien","status":"publish","type":"post","link":"https:\/\/albanien.ch\/albanien_info\/verhalten-in-albanien\/","title":{"rendered":"Anstand &#038; Verhalten in Albanien"},"content":{"rendered":"\n<p>Die Albaner sind eigentlich sehr unkompliziert im Umgang. Aber das Land bietet doch seine kulturellen Eigenheiten und war auch lange abgeschieden vom Rest der Welt. Mit diesen \u00bbVerhaltensregeln\u00ab m\u00f6gen wir etwas Orientierung bieten. Ein paar Tipps zum Benehmen als Reisender in Albanien.<\/p>\n\n\n\n<div style=\"height:25px\" aria-hidden=\"true\" class=\"wp-block-spacer\"><\/div>\n\n\n\n<h3 class=\"wp-block-heading\">Miteinander sprechen \u2013&nbsp;und anrufen<\/h3>\n\n\n\n<div class=\"wp-block-columns is-layout-flex wp-container-core-columns-is-layout-9d6595d7 wp-block-columns-is-layout-flex\">\n<div class=\"wp-block-column is-vertically-aligned-top is-layout-flow wp-block-column-is-layout-flow\">\n<figure class=\"wp-block-image size-full is-style-default\"><img data-recalc-dims=\"1\" loading=\"lazy\" decoding=\"async\" width=\"525\" height=\"525\" data-attachment-id=\"1739\" data-permalink=\"https:\/\/albanien.ch\/albanien_info\/bevoelkerung\/junge_maedchen_durres_gegenlicht_quadratisch\/\" data-orig-file=\"https:\/\/i0.wp.com\/albanien.ch\/albanien_info\/wp-content\/uploads\/2015\/08\/Junge_Maedchen_Durres_Gegenlicht_quadratisch.jpg?fit=969%2C969&amp;ssl=1\" data-orig-size=\"969,969\" data-comments-opened=\"1\" data-image-meta=\"{&quot;aperture&quot;:&quot;0&quot;,&quot;credit&quot;:&quot;&quot;,&quot;camera&quot;:&quot;&quot;,&quot;caption&quot;:&quot;&quot;,&quot;created_timestamp&quot;:&quot;0&quot;,&quot;copyright&quot;:&quot;&quot;,&quot;focal_length&quot;:&quot;0&quot;,&quot;iso&quot;:&quot;0&quot;,&quot;shutter_speed&quot;:&quot;0&quot;,&quot;title&quot;:&quot;&quot;,&quot;orientation&quot;:&quot;0&quot;}\" data-image-title=\"M\u00e4dchen in Durr\u00ebs\" data-image-description=\"&lt;p&gt;Uferpromenade abends&lt;\/p&gt;\n\" data-image-caption=\"&lt;p&gt;Uferpromaneade Durr\u00ebs&lt;\/p&gt;\n\" data-medium-file=\"https:\/\/i0.wp.com\/albanien.ch\/albanien_info\/wp-content\/uploads\/2015\/08\/Junge_Maedchen_Durres_Gegenlicht_quadratisch.jpg?fit=300%2C300&amp;ssl=1\" data-large-file=\"https:\/\/i0.wp.com\/albanien.ch\/albanien_info\/wp-content\/uploads\/2015\/08\/Junge_Maedchen_Durres_Gegenlicht_quadratisch.jpg?fit=525%2C525&amp;ssl=1\" src=\"https:\/\/i0.wp.com\/albanien.ch\/albanien_info\/wp-content\/uploads\/2015\/08\/Junge_Maedchen_Durres_Gegenlicht_quadratisch.jpg?resize=525%2C525&#038;ssl=1\" alt=\"Nach Auskunft fragen, miteinander sprechen\" class=\"wp-image-1739\" srcset=\"https:\/\/i0.wp.com\/albanien.ch\/albanien_info\/wp-content\/uploads\/2015\/08\/Junge_Maedchen_Durres_Gegenlicht_quadratisch.jpg?w=969&amp;ssl=1 969w, https:\/\/i0.wp.com\/albanien.ch\/albanien_info\/wp-content\/uploads\/2015\/08\/Junge_Maedchen_Durres_Gegenlicht_quadratisch.jpg?resize=150%2C150&amp;ssl=1 150w, https:\/\/i0.wp.com\/albanien.ch\/albanien_info\/wp-content\/uploads\/2015\/08\/Junge_Maedchen_Durres_Gegenlicht_quadratisch.jpg?resize=300%2C300&amp;ssl=1 300w, https:\/\/i0.wp.com\/albanien.ch\/albanien_info\/wp-content\/uploads\/2015\/08\/Junge_Maedchen_Durres_Gegenlicht_quadratisch.jpg?resize=350%2C350&amp;ssl=1 350w\" sizes=\"auto, (max-width: 525px) 100vw, 525px\" \/><\/figure>\n<\/div>\n\n\n\n<div class=\"wp-block-column has-text-color has-background is-layout-flow wp-block-column-is-layout-flow\" style=\"color:#030b66;background-color:#91c0e4\">\n<p class=\"has-drop-cap\" style=\"font-style:normal;font-weight:500\">Man spricht miteinander in Albanien. Auch mit Wildfremden: Der Umgang ist nahbar und unkompliziert. So wird auch mal einem Polizisten bei der Verkehrskontrolle die Hand gesch\u00fcttelt. Aber nicht erwarten, dass man beim H\u00e4ndesch\u00fctteln angeschaut wird..<\/p>\n\n\n\n<p style=\"font-style:normal;font-weight:500\">Ob unter Freunden oder im Gesch\u00e4ftsalltag: Man trifft sich meist im n\u00e4chsten Caf\u00e9. <\/p>\n\n\n\n<p style=\"font-style:normal;font-weight:500\">Auch anrufen ist erlaubt. Fragen werden nicht online gekl\u00e4rt, sondern \u00fcber Auskunftspersonen. Wenn man also mal den Weg nicht findet: Einfach jemanden fragen. Wenn man nicht weiss, wann der Bus f\u00e4hrt? Einfach fragen. Wenn eine T\u00fcr verschlossen ist? Nach dem Schl\u00fcssel fragen! Die erste Person kennt vielleicht die Antwort nicht, aber sicherlich Jemanden, der Jemanden kennt, der Jemanden kennt.<\/p>\n<\/div>\n<\/div>\n\n\n\n<h3 class=\"wp-block-heading\">Im Austausch sein<\/h3>\n\n\n\n<div class=\"wp-block-columns is-layout-flex wp-container-core-columns-is-layout-9d6595d7 wp-block-columns-is-layout-flex\">\n<div class=\"wp-block-column is-vertically-aligned-top is-layout-flow wp-block-column-is-layout-flow\">\n<figure class=\"wp-block-image size-large is-style-default\"><img data-recalc-dims=\"1\" loading=\"lazy\" decoding=\"async\" width=\"525\" height=\"525\" data-attachment-id=\"7110\" data-permalink=\"https:\/\/albanien.ch\/albanien_info\/verhalten-in-albanien\/lachende-albaner\/\" data-orig-file=\"https:\/\/i0.wp.com\/albanien.ch\/albanien_info\/wp-content\/uploads\/2023\/01\/lachende-albaner.jpg?fit=1250%2C1250&amp;ssl=1\" data-orig-size=\"1250,1250\" data-comments-opened=\"1\" data-image-meta=\"{&quot;aperture&quot;:&quot;0&quot;,&quot;credit&quot;:&quot;&quot;,&quot;camera&quot;:&quot;&quot;,&quot;caption&quot;:&quot;&quot;,&quot;created_timestamp&quot;:&quot;0&quot;,&quot;copyright&quot;:&quot;&quot;,&quot;focal_length&quot;:&quot;0&quot;,&quot;iso&quot;:&quot;0&quot;,&quot;shutter_speed&quot;:&quot;0&quot;,&quot;title&quot;:&quot;&quot;,&quot;orientation&quot;:&quot;0&quot;}\" data-image-title=\"Lachende Albaner\" data-image-description=\"&lt;p&gt;Begegnungen unterwegs in Albanien&lt;\/p&gt;\n\" data-image-caption=\"&lt;p&gt;Begegnungen unterwegs in Albanien&lt;\/p&gt;\n\" data-medium-file=\"https:\/\/i0.wp.com\/albanien.ch\/albanien_info\/wp-content\/uploads\/2023\/01\/lachende-albaner.jpg?fit=300%2C300&amp;ssl=1\" data-large-file=\"https:\/\/i0.wp.com\/albanien.ch\/albanien_info\/wp-content\/uploads\/2023\/01\/lachende-albaner.jpg?fit=525%2C525&amp;ssl=1\" src=\"https:\/\/i0.wp.com\/albanien.ch\/albanien_info\/wp-content\/uploads\/2023\/01\/lachende-albaner.jpg?resize=525%2C525&#038;ssl=1\" alt=\"Begegnungen bereichern das Reisen\" class=\"wp-image-7110\" srcset=\"https:\/\/i0.wp.com\/albanien.ch\/albanien_info\/wp-content\/uploads\/2023\/01\/lachende-albaner.jpg?resize=1024%2C1024&amp;ssl=1 1024w, https:\/\/i0.wp.com\/albanien.ch\/albanien_info\/wp-content\/uploads\/2023\/01\/lachende-albaner.jpg?resize=300%2C300&amp;ssl=1 300w, https:\/\/i0.wp.com\/albanien.ch\/albanien_info\/wp-content\/uploads\/2023\/01\/lachende-albaner.jpg?resize=150%2C150&amp;ssl=1 150w, https:\/\/i0.wp.com\/albanien.ch\/albanien_info\/wp-content\/uploads\/2023\/01\/lachende-albaner.jpg?resize=768%2C768&amp;ssl=1 768w, https:\/\/i0.wp.com\/albanien.ch\/albanien_info\/wp-content\/uploads\/2023\/01\/lachende-albaner.jpg?resize=600%2C600&amp;ssl=1 600w, https:\/\/i0.wp.com\/albanien.ch\/albanien_info\/wp-content\/uploads\/2023\/01\/lachende-albaner.jpg?w=1250&amp;ssl=1 1250w\" sizes=\"auto, (max-width: 525px) 100vw, 525px\" \/><\/figure>\n<\/div>\n\n\n\n<div class=\"wp-block-column has-text-color has-background is-layout-flow wp-block-column-is-layout-flow\" style=\"color:#401d05;background-color:#c6be9f\">\n<p class=\"has-drop-cap\">Begegnungen machen das Reisen aus. In Albanien f\u00e4llt das einfach, denn Albaner freuen sich, mit Ausl\u00e4ndern in Kontakt zu kommen. Etwas abseits der Hotspots geh\u00f6ren Touristen meist auch nicht zum Alltag.<\/p>\n\n\n\n<p>Schnell mal wird man von Albanern eingeladen. Eine Einladung kann problemlos angenommen werden. <\/p>\n\n\n\n<p>Da nicht alle Albaner gut Fremdsprachen sprechen, lohnt es sich, ein paar wichtige W\u00f6rter auf Albanisch zu lernen. So wird der Austausch intensiver. Und die Menschen freuen sich \u00fcber jedes Wort, das man in ihrer Sprache kennt.<\/p>\n\n\n\n<p>Albaner sind neugierig und stellen schnell mal Fragen, die bei uns eher tabu sind. WIe teuer war das? Wie viel verdienst du?<\/p>\n\n\n\n<p>Eher Zur\u00fcckhaltung ist beim Alkoholkonsum angesagt: Laut p\u00f6belnde Besoffene sieht man in Albanien nicht. <\/p>\n\n\n\n<p><a href=\"https:\/\/albanien.ch\/albanien_info\/verstaendigung-sprache\/\"><i class=\"wp-svg-redo-2 redo-2\"><\/i> Mehr zur Verst\u00e4ndigung<\/a><\/p>\n<\/div>\n<\/div>\n\n\n\n<h3 class=\"wp-block-heading\">Gastfreundschaft \u2013&nbsp;aber nicht ausn\u00fctzen<\/h3>\n\n\n\n<div class=\"wp-block-columns is-layout-flex wp-container-core-columns-is-layout-9d6595d7 wp-block-columns-is-layout-flex\">\n<div class=\"wp-block-column is-vertically-aligned-top is-layout-flow wp-block-column-is-layout-flow\">\n<figure class=\"wp-block-image size-large\"><img data-recalc-dims=\"1\" loading=\"lazy\" decoding=\"async\" width=\"525\" height=\"525\" data-attachment-id=\"7111\" data-permalink=\"https:\/\/albanien.ch\/albanien_info\/verhalten-in-albanien\/in-albaninen-zu-gast\/\" data-orig-file=\"https:\/\/i0.wp.com\/albanien.ch\/albanien_info\/wp-content\/uploads\/2023\/01\/In-Albaninen-zu-Gast.jpg?fit=1250%2C1250&amp;ssl=1\" data-orig-size=\"1250,1250\" data-comments-opened=\"1\" data-image-meta=\"{&quot;aperture&quot;:&quot;0&quot;,&quot;credit&quot;:&quot;&quot;,&quot;camera&quot;:&quot;&quot;,&quot;caption&quot;:&quot;&quot;,&quot;created_timestamp&quot;:&quot;0&quot;,&quot;copyright&quot;:&quot;&quot;,&quot;focal_length&quot;:&quot;0&quot;,&quot;iso&quot;:&quot;0&quot;,&quot;shutter_speed&quot;:&quot;0&quot;,&quot;title&quot;:&quot;&quot;,&quot;orientation&quot;:&quot;0&quot;}\" data-image-title=\"In Albaninen zu Gast\" data-image-description=\"&lt;p&gt;Bei einer Familie in Albaninen zu Gast&lt;\/p&gt;\n\" data-image-caption=\"&lt;p&gt;Bei einer Familie in Albaninen zu Gast&lt;\/p&gt;\n\" data-medium-file=\"https:\/\/i0.wp.com\/albanien.ch\/albanien_info\/wp-content\/uploads\/2023\/01\/In-Albaninen-zu-Gast.jpg?fit=300%2C300&amp;ssl=1\" data-large-file=\"https:\/\/i0.wp.com\/albanien.ch\/albanien_info\/wp-content\/uploads\/2023\/01\/In-Albaninen-zu-Gast.jpg?fit=525%2C525&amp;ssl=1\" src=\"https:\/\/i0.wp.com\/albanien.ch\/albanien_info\/wp-content\/uploads\/2023\/01\/In-Albaninen-zu-Gast.jpg?resize=525%2C525&#038;ssl=1\" alt=\"Gastfreundschaft in Albanien\" class=\"wp-image-7111\" srcset=\"https:\/\/i0.wp.com\/albanien.ch\/albanien_info\/wp-content\/uploads\/2023\/01\/In-Albaninen-zu-Gast.jpg?resize=1024%2C1024&amp;ssl=1 1024w, https:\/\/i0.wp.com\/albanien.ch\/albanien_info\/wp-content\/uploads\/2023\/01\/In-Albaninen-zu-Gast.jpg?resize=300%2C300&amp;ssl=1 300w, https:\/\/i0.wp.com\/albanien.ch\/albanien_info\/wp-content\/uploads\/2023\/01\/In-Albaninen-zu-Gast.jpg?resize=150%2C150&amp;ssl=1 150w, https:\/\/i0.wp.com\/albanien.ch\/albanien_info\/wp-content\/uploads\/2023\/01\/In-Albaninen-zu-Gast.jpg?resize=768%2C768&amp;ssl=1 768w, https:\/\/i0.wp.com\/albanien.ch\/albanien_info\/wp-content\/uploads\/2023\/01\/In-Albaninen-zu-Gast.jpg?resize=600%2C600&amp;ssl=1 600w, https:\/\/i0.wp.com\/albanien.ch\/albanien_info\/wp-content\/uploads\/2023\/01\/In-Albaninen-zu-Gast.jpg?w=1250&amp;ssl=1 1250w\" sizes=\"auto, (max-width: 525px) 100vw, 525px\" \/><\/figure>\n<\/div>\n\n\n\n<div class=\"wp-block-column has-text-color has-background is-layout-flow wp-block-column-is-layout-flow\" style=\"color:#005100;background-color:#ccedbb\">\n<p class=\"has-drop-cap\">Gastfreundschaft steht bei den Albanern \u00fcber allem. Sie geben ihr letztes Hemd her f\u00fcr fremde Menschen.<\/p>\n\n\n\n<p>Oft kriegt man etwas geschenkt, immer wieder wird man zum Kaffee eingeladen. Ein Getr\u00e4nk zu bezahlen, wenn Albaner am Tisch sind, ist fast unm\u00f6glich. <\/p>\n\n\n\n<p>Man sollte darauf achten, dass die Balance stimmt. Auch wenn man nicht bezahlen darf, findet sich oft ein Weg, seiner Dankbarkeit Ausdruck zu verleihen und etwas zur\u00fcckzugeben. Ein kleines Mitbringsel, ein Geschenk f\u00fcr die Kinder oder sogar etwas Geld \u00bbvergessen\u00ab vor der Abreise. Auch wenn es nie jemand zugeben w\u00fcrde: Eine Runde bezahlen im Caf\u00e9 oder ein Essen ausrichten f\u00fcr G\u00e4ste kann eine albanische Familie vor finanzielle Herausforderungen stellen.<\/p>\n\n\n\n<p>Im Unterschied zu Hause sind Aufessen und Austrinken nicht n\u00f6tig. In der Regel kriegt man nachgesch\u00f6pft oder nachgereicht, wenn der Teller oder das Glas leer.<\/p>\n\n\n\n<p><a href=\"https:\/\/www.albanien.ch\/une\/blog\/2429\" target=\"_blank\" rel=\"noreferrer noopener\"><i class=\"wp-svg-redo-2 redo-2\"><\/i> Armutsgef\u00e4lle \u2013 oder: Wie man seinen Kaffee gesichtswahrend selber zahlt<\/a><\/p>\n<\/div>\n<\/div>\n\n\n\n<h3 class=\"wp-block-heading\">Familie \u00fcber alles und andere Traditionen<\/h3>\n\n\n\n<div class=\"wp-block-columns is-layout-flex wp-container-core-columns-is-layout-9d6595d7 wp-block-columns-is-layout-flex\">\n<div class=\"wp-block-column is-vertically-aligned-top is-layout-flow wp-block-column-is-layout-flow\">\n<figure class=\"wp-block-image size-large\"><img data-recalc-dims=\"1\" loading=\"lazy\" decoding=\"async\" width=\"525\" height=\"525\" data-attachment-id=\"7112\" data-permalink=\"https:\/\/albanien.ch\/albanien_info\/verhalten-in-albanien\/nordalbanische-familie\/\" data-orig-file=\"https:\/\/i0.wp.com\/albanien.ch\/albanien_info\/wp-content\/uploads\/2023\/01\/Nordalbanische-Familie.jpg?fit=1250%2C1250&amp;ssl=1\" data-orig-size=\"1250,1250\" data-comments-opened=\"1\" data-image-meta=\"{&quot;aperture&quot;:&quot;0&quot;,&quot;credit&quot;:&quot;&quot;,&quot;camera&quot;:&quot;&quot;,&quot;caption&quot;:&quot;&quot;,&quot;created_timestamp&quot;:&quot;0&quot;,&quot;copyright&quot;:&quot;&quot;,&quot;focal_length&quot;:&quot;0&quot;,&quot;iso&quot;:&quot;0&quot;,&quot;shutter_speed&quot;:&quot;0&quot;,&quot;title&quot;:&quot;&quot;,&quot;orientation&quot;:&quot;0&quot;}\" data-image-title=\"Nordalbanische Familie\" data-image-description=\"&lt;p&gt;Nordalbanische Familie&lt;\/p&gt;\n\" data-image-caption=\"&lt;p&gt;Nordalbanische Familie&lt;\/p&gt;\n\" data-medium-file=\"https:\/\/i0.wp.com\/albanien.ch\/albanien_info\/wp-content\/uploads\/2023\/01\/Nordalbanische-Familie.jpg?fit=300%2C300&amp;ssl=1\" data-large-file=\"https:\/\/i0.wp.com\/albanien.ch\/albanien_info\/wp-content\/uploads\/2023\/01\/Nordalbanische-Familie.jpg?fit=525%2C525&amp;ssl=1\" src=\"https:\/\/i0.wp.com\/albanien.ch\/albanien_info\/wp-content\/uploads\/2023\/01\/Nordalbanische-Familie.jpg?resize=525%2C525&#038;ssl=1\" alt=\"Traditionelles Albanien: nordalbanische Familie\" class=\"wp-image-7112\" srcset=\"https:\/\/i0.wp.com\/albanien.ch\/albanien_info\/wp-content\/uploads\/2023\/01\/Nordalbanische-Familie.jpg?resize=1024%2C1024&amp;ssl=1 1024w, https:\/\/i0.wp.com\/albanien.ch\/albanien_info\/wp-content\/uploads\/2023\/01\/Nordalbanische-Familie.jpg?resize=300%2C300&amp;ssl=1 300w, https:\/\/i0.wp.com\/albanien.ch\/albanien_info\/wp-content\/uploads\/2023\/01\/Nordalbanische-Familie.jpg?resize=150%2C150&amp;ssl=1 150w, https:\/\/i0.wp.com\/albanien.ch\/albanien_info\/wp-content\/uploads\/2023\/01\/Nordalbanische-Familie.jpg?resize=768%2C768&amp;ssl=1 768w, https:\/\/i0.wp.com\/albanien.ch\/albanien_info\/wp-content\/uploads\/2023\/01\/Nordalbanische-Familie.jpg?resize=600%2C600&amp;ssl=1 600w, https:\/\/i0.wp.com\/albanien.ch\/albanien_info\/wp-content\/uploads\/2023\/01\/Nordalbanische-Familie.jpg?w=1250&amp;ssl=1 1250w\" sizes=\"auto, (max-width: 525px) 100vw, 525px\" \/><\/figure>\n<\/div>\n\n\n\n<div class=\"wp-block-column has-text-color has-background is-layout-flow wp-block-column-is-layout-flow\" style=\"color:#5e040d;background-color:#fd9732\">\n<p class=\"has-drop-cap\">Die Familie kommt in Albanien vor allem anderen. Der Zusammenhalt ist gross, die Anzahl der Cousinen und Cousins fast endlos.<\/p>\n\n\n\n<p>Die Rollenverteilung ist oft noch sehr traditionell: Die Frauen tragen viel Arbeitslast. In sehr traditionellen Familien setzen sie sich auch nicht zu den G\u00e4sten und M\u00e4nnern an den Tisch. In l\u00e4ndlichen Gebieten sind Frauen im \u00f6ffentlichen Leben eher zur\u00fcckhaltend. Und auch junge urbane Menschen halten eher Distanz zu Personen des anderen Geschlechts, die nicht zur Familie geh\u00f6ren. <\/p>\n\n\n\n<p>Eine ausl\u00e4ndische Frau wird, wenn Gast, wie ein Mann behandelt: Sie sitzt am Tisch, kriegt auch Raki und Zigaretten angeboten.<\/p>\n\n\n\n<p>Kinder werden verw\u00f6hnt und verh\u00e4tschelt und sind oft bis sp\u00e4t in der Nacht dabei.<\/p>\n\n\n\n<p>Auch andere Traditionen haben sich in Albanien noch bewahrt. Pl\u00fcschtiere, das blaue Auge und Knoblauch sollen b\u00f6se Geister fernhalten. Und auch sonst gibt es noch viel Aberglauben.<\/p>\n<\/div>\n<\/div>\n\n\n\n<h3 class=\"wp-block-heading\">Respekt<\/h3>\n\n\n\n<div class=\"wp-block-columns is-layout-flex wp-container-core-columns-is-layout-9d6595d7 wp-block-columns-is-layout-flex\">\n<div class=\"wp-block-column is-vertically-aligned-top is-layout-flow wp-block-column-is-layout-flow\">\n<figure class=\"wp-block-image size-full\"><img data-recalc-dims=\"1\" loading=\"lazy\" decoding=\"async\" width=\"525\" height=\"525\" data-attachment-id=\"7114\" data-permalink=\"https:\/\/albanien.ch\/albanien_info\/verhalten-in-albanien\/jungesellenmoschee-berat-gottesdienst\/\" data-orig-file=\"https:\/\/i0.wp.com\/albanien.ch\/albanien_info\/wp-content\/uploads\/2023\/01\/Jungesellenmoschee-Berat-Gottesdienst.jpg?fit=665%2C665&amp;ssl=1\" data-orig-size=\"665,665\" data-comments-opened=\"1\" data-image-meta=\"{&quot;aperture&quot;:&quot;0&quot;,&quot;credit&quot;:&quot;&quot;,&quot;camera&quot;:&quot;&quot;,&quot;caption&quot;:&quot;&quot;,&quot;created_timestamp&quot;:&quot;0&quot;,&quot;copyright&quot;:&quot;&quot;,&quot;focal_length&quot;:&quot;0&quot;,&quot;iso&quot;:&quot;0&quot;,&quot;shutter_speed&quot;:&quot;0&quot;,&quot;title&quot;:&quot;&quot;,&quot;orientation&quot;:&quot;0&quot;}\" data-image-title=\"Jungesellenmoschee Berat Gottesdienst\" data-image-description=\"&lt;p&gt;Betende in der Jungesellenmoschee  in Berat &lt;\/p&gt;\n\" data-image-caption=\"&lt;p&gt;Gottesdienst in der Jungesellenmoschee  in Berat &lt;\/p&gt;\n\" data-medium-file=\"https:\/\/i0.wp.com\/albanien.ch\/albanien_info\/wp-content\/uploads\/2023\/01\/Jungesellenmoschee-Berat-Gottesdienst.jpg?fit=300%2C300&amp;ssl=1\" data-large-file=\"https:\/\/i0.wp.com\/albanien.ch\/albanien_info\/wp-content\/uploads\/2023\/01\/Jungesellenmoschee-Berat-Gottesdienst.jpg?fit=525%2C525&amp;ssl=1\" src=\"https:\/\/i0.wp.com\/albanien.ch\/albanien_info\/wp-content\/uploads\/2023\/01\/Jungesellenmoschee-Berat-Gottesdienst.jpg?resize=525%2C525&#038;ssl=1\" alt=\"vielf\u00e4ltiges Albanien: Toleranz der Religionen\" class=\"wp-image-7114\" srcset=\"https:\/\/i0.wp.com\/albanien.ch\/albanien_info\/wp-content\/uploads\/2023\/01\/Jungesellenmoschee-Berat-Gottesdienst.jpg?w=665&amp;ssl=1 665w, https:\/\/i0.wp.com\/albanien.ch\/albanien_info\/wp-content\/uploads\/2023\/01\/Jungesellenmoschee-Berat-Gottesdienst.jpg?resize=300%2C300&amp;ssl=1 300w, https:\/\/i0.wp.com\/albanien.ch\/albanien_info\/wp-content\/uploads\/2023\/01\/Jungesellenmoschee-Berat-Gottesdienst.jpg?resize=150%2C150&amp;ssl=1 150w, https:\/\/i0.wp.com\/albanien.ch\/albanien_info\/wp-content\/uploads\/2023\/01\/Jungesellenmoschee-Berat-Gottesdienst.jpg?resize=600%2C600&amp;ssl=1 600w\" sizes=\"auto, (max-width: 525px) 100vw, 525px\" \/><\/figure>\n<\/div>\n\n\n\n<div class=\"wp-block-column has-text-color has-background is-layout-flow wp-block-column-is-layout-flow\" style=\"color:#6a5e40;background-color:#d3ca8a\">\n<p class=\"has-drop-cap\">Vier und mehr Religionsgemeinschaften leben in Albanien friedlich zusammen. Man respektiert das Gegen\u00fcber. Oder mehr noch: Man feiert auch die Feste der anderen.<\/p>\n\n\n\n<p>Respekt sollte auch von Ausl\u00e4ndern gezeigt werden. Moscheen k\u00f6nnen in der Regel besucht werden \u2013\u00a0aber man fragt besser vorab, als die Betenden zu st\u00f6ren. Die Kleidung sollte z\u00fcchtig sein. Auch wenn die meisten Albaner nicht besonders religi\u00f6s sind, gilt es hier, Anstand zu wahren. Man darf aber ruhig auch Neugier zeigen \u2013 die Muslime oder Bektaschi erz\u00e4hlen gerne von sich.<\/p>\n\n\n\n<p>Auch w\u00e4hrend des <a href=\"https:\/\/albanien.ch\/albanien_info\/feiertage\/\">Ramdans<\/a> ist Albanien ein <a href=\"https:\/\/albanien.ch\/albanien_info\/ramadan\/\">problemloses Reiseland<\/a>.<\/p>\n\n\n\n<p>Wie vor der Moschee zieht man in Albanien auch vor der Wohnungst\u00fcr die Schuhe aus. Oft kriegt man Pantoffeln angeboten.<\/p>\n<\/div>\n<\/div>\n\n\n\n<h3 class=\"wp-block-heading\">Geduld &amp; breite Regelauslegung<\/h3>\n\n\n\n<div class=\"wp-block-columns is-layout-flex wp-container-core-columns-is-layout-9d6595d7 wp-block-columns-is-layout-flex\">\n<div class=\"wp-block-column is-vertically-aligned-top is-layout-flow wp-block-column-is-layout-flow\">\n<figure class=\"wp-block-image size-full\"><img data-recalc-dims=\"1\" loading=\"lazy\" decoding=\"async\" width=\"525\" height=\"525\" data-attachment-id=\"7116\" data-permalink=\"https:\/\/albanien.ch\/albanien_info\/verhalten-in-albanien\/kuh-auf-strasse-quadratisch\/\" data-orig-file=\"https:\/\/i0.wp.com\/albanien.ch\/albanien_info\/wp-content\/uploads\/2023\/01\/Kuh-auf-Strasse-quadratisch.jpg?fit=718%2C718&amp;ssl=1\" data-orig-size=\"718,718\" data-comments-opened=\"1\" data-image-meta=\"{&quot;aperture&quot;:&quot;0&quot;,&quot;credit&quot;:&quot;&quot;,&quot;camera&quot;:&quot;&quot;,&quot;caption&quot;:&quot;&quot;,&quot;created_timestamp&quot;:&quot;0&quot;,&quot;copyright&quot;:&quot;&quot;,&quot;focal_length&quot;:&quot;0&quot;,&quot;iso&quot;:&quot;0&quot;,&quot;shutter_speed&quot;:&quot;0&quot;,&quot;title&quot;:&quot;&quot;,&quot;orientation&quot;:&quot;0&quot;}\" data-image-title=\"Kuh auf Strasse quadratisch\" data-image-description=\"&lt;p&gt;Kuh auf Strasse: Eines von vielen m\u00f6glichen Hindernisse auf der Strasse&lt;\/p&gt;\n\" data-image-caption=\"&lt;p&gt;Kuh auf Strasse &lt;\/p&gt;\n\" data-medium-file=\"https:\/\/i0.wp.com\/albanien.ch\/albanien_info\/wp-content\/uploads\/2023\/01\/Kuh-auf-Strasse-quadratisch.jpg?fit=300%2C300&amp;ssl=1\" data-large-file=\"https:\/\/i0.wp.com\/albanien.ch\/albanien_info\/wp-content\/uploads\/2023\/01\/Kuh-auf-Strasse-quadratisch.jpg?fit=525%2C525&amp;ssl=1\" src=\"https:\/\/i0.wp.com\/albanien.ch\/albanien_info\/wp-content\/uploads\/2023\/01\/Kuh-auf-Strasse-quadratisch.jpg?resize=525%2C525&#038;ssl=1\" alt=\"gem\u00e4chliches Albanien: Kuh auf Strasse \" class=\"wp-image-7116\" srcset=\"https:\/\/i0.wp.com\/albanien.ch\/albanien_info\/wp-content\/uploads\/2023\/01\/Kuh-auf-Strasse-quadratisch.jpg?w=718&amp;ssl=1 718w, https:\/\/i0.wp.com\/albanien.ch\/albanien_info\/wp-content\/uploads\/2023\/01\/Kuh-auf-Strasse-quadratisch.jpg?resize=300%2C300&amp;ssl=1 300w, https:\/\/i0.wp.com\/albanien.ch\/albanien_info\/wp-content\/uploads\/2023\/01\/Kuh-auf-Strasse-quadratisch.jpg?resize=150%2C150&amp;ssl=1 150w, https:\/\/i0.wp.com\/albanien.ch\/albanien_info\/wp-content\/uploads\/2023\/01\/Kuh-auf-Strasse-quadratisch.jpg?resize=600%2C600&amp;ssl=1 600w\" sizes=\"auto, (max-width: 525px) 100vw, 525px\" \/><\/figure>\n<\/div>\n\n\n\n<div class=\"wp-block-column has-text-color has-background is-layout-flow wp-block-column-is-layout-flow\" style=\"color:#4c3a2d;background-color:#c6cacd\">\n<p class=\"has-drop-cap\">In Albanien herrscht oft \u00bbkreatives Chaos\u00ab. Meist sind die Sachen nicht ganz so, wie wir uns das von zu Hause gewohnt sind. Da braucht es manchmal etwas Geduld und Gelassenheit \u2013\u00a0meist kommt es schon gut. Vielleicht aber anders als geplant.\u00a0Flexibilit\u00e4t ist n\u00f6tig.<\/p>\n\n\n\n<p>Auch mit den Regeln nimmt man es in Albanien nicht so genau wie in Deutschland oder der Schweiz. Das kann Vor- und Nachteile haben. Vieles l\u00e4sst sich im Gespr\u00e4ch kl\u00e4ren. Und halt nicht immer auf seine Sicht der Dinge beharren.<\/p>\n<\/div>\n<\/div>\n\n\n\n<h3 class=\"wp-block-heading\">Nerviges<\/h3>\n\n\n\n<div class=\"wp-block-columns is-layout-flex wp-container-core-columns-is-layout-9d6595d7 wp-block-columns-is-layout-flex\">\n<div class=\"wp-block-column is-vertically-aligned-top is-layout-flow wp-block-column-is-layout-flow\">\n<figure class=\"wp-block-image size-large\"><img data-recalc-dims=\"1\" loading=\"lazy\" decoding=\"async\" width=\"525\" height=\"525\" data-attachment-id=\"7117\" data-permalink=\"https:\/\/albanien.ch\/albanien_info\/verhalten-in-albanien\/stau-in-tirana\/\" data-orig-file=\"https:\/\/i0.wp.com\/albanien.ch\/albanien_info\/wp-content\/uploads\/2023\/01\/Stau-in-Tirana.jpg?fit=2161%2C2161&amp;ssl=1\" data-orig-size=\"2161,2161\" data-comments-opened=\"1\" data-image-meta=\"{&quot;aperture&quot;:&quot;0&quot;,&quot;credit&quot;:&quot;&quot;,&quot;camera&quot;:&quot;&quot;,&quot;caption&quot;:&quot;&quot;,&quot;created_timestamp&quot;:&quot;0&quot;,&quot;copyright&quot;:&quot;&quot;,&quot;focal_length&quot;:&quot;0&quot;,&quot;iso&quot;:&quot;0&quot;,&quot;shutter_speed&quot;:&quot;0&quot;,&quot;title&quot;:&quot;&quot;,&quot;orientation&quot;:&quot;0&quot;}\" data-image-title=\"Stau in Tirana\" data-image-description=\"&lt;p&gt;Stau in Tirana&lt;\/p&gt;\n\" data-image-caption=\"&lt;p&gt;Stau in Tirana&lt;\/p&gt;\n\" data-medium-file=\"https:\/\/i0.wp.com\/albanien.ch\/albanien_info\/wp-content\/uploads\/2023\/01\/Stau-in-Tirana.jpg?fit=300%2C300&amp;ssl=1\" data-large-file=\"https:\/\/i0.wp.com\/albanien.ch\/albanien_info\/wp-content\/uploads\/2023\/01\/Stau-in-Tirana.jpg?fit=525%2C525&amp;ssl=1\" src=\"https:\/\/i0.wp.com\/albanien.ch\/albanien_info\/wp-content\/uploads\/2023\/01\/Stau-in-Tirana.jpg?resize=525%2C525&#038;ssl=1\" alt=\"nerviges Albanien: Verhalten im Strassenverkehr\" class=\"wp-image-7117\" srcset=\"https:\/\/i0.wp.com\/albanien.ch\/albanien_info\/wp-content\/uploads\/2023\/01\/Stau-in-Tirana.jpg?resize=1024%2C1024&amp;ssl=1 1024w, https:\/\/i0.wp.com\/albanien.ch\/albanien_info\/wp-content\/uploads\/2023\/01\/Stau-in-Tirana.jpg?resize=300%2C300&amp;ssl=1 300w, https:\/\/i0.wp.com\/albanien.ch\/albanien_info\/wp-content\/uploads\/2023\/01\/Stau-in-Tirana.jpg?resize=150%2C150&amp;ssl=1 150w, https:\/\/i0.wp.com\/albanien.ch\/albanien_info\/wp-content\/uploads\/2023\/01\/Stau-in-Tirana.jpg?resize=768%2C768&amp;ssl=1 768w, https:\/\/i0.wp.com\/albanien.ch\/albanien_info\/wp-content\/uploads\/2023\/01\/Stau-in-Tirana.jpg?resize=1536%2C1536&amp;ssl=1 1536w, https:\/\/i0.wp.com\/albanien.ch\/albanien_info\/wp-content\/uploads\/2023\/01\/Stau-in-Tirana.jpg?resize=2048%2C2048&amp;ssl=1 2048w, https:\/\/i0.wp.com\/albanien.ch\/albanien_info\/wp-content\/uploads\/2023\/01\/Stau-in-Tirana.jpg?resize=600%2C600&amp;ssl=1 600w\" sizes=\"auto, (max-width: 525px) 100vw, 525px\" \/><\/figure>\n<\/div>\n\n\n\n<div class=\"wp-block-column has-text-color has-background is-layout-flow wp-block-column-is-layout-flow\" style=\"color:#087e5c;background-color:#cce8eb\">\n<p class=\"has-drop-cap\">Nat\u00fcrlich gibt es auch Verhalten, das nerven kann. Im Strassenverkehr und beim Anstehen ist die R\u00fccksichtslosigkeit zumal etwas gar gross. Auch P\u00fcnktlichkeit geh\u00f6rt nicht zu den gr\u00f6ssten Tugenden der Albaner. Und gelegentlich wird einem etwas gar viel versprochen.<\/p>\n\n\n\n<p>Ein weiterer unsch\u00f6ner Punkt ist sicherlich die <a href=\"https:\/\/albanien.ch\/albanien_info\/so-viel-muell-ueberall-muss-das-sein\/\">Verm\u00fcllung<\/a> der Landschaft vielerorts. Das wurde halt nicht von jung auf beigebracht.<\/p>\n\n\n\n<p>Aber auch das geh\u00f6rt zu den fremden Sitten und Gebr\u00e4uche, die es auf einer Reise zu entdecken gilt.<\/p>\n\n\n\n<p><a href=\"https:\/\/albanien.ch\/albanien_info\/autofahren-albaniens-eigene-strassenregeln\/\"><i class=\"wp-svg-redo-2 redo-2\"><\/i> Verhalten im Verkehr<\/a><\/p>\n<\/div>\n<\/div>\n\n\n\n<h3 class=\"wp-block-heading\">Weitere Informationen<\/h3>\n\n\n\n<div class=\"wp-block-columns is-layout-flex wp-container-core-columns-is-layout-9d6595d7 wp-block-columns-is-layout-flex\">\n<div class=\"wp-block-column is-vertically-aligned-top is-layout-flow wp-block-column-is-layout-flow\">\n<figure class=\"wp-block-image size-large\"><img data-recalc-dims=\"1\" loading=\"lazy\" decoding=\"async\" width=\"525\" height=\"525\" data-attachment-id=\"1290\" data-permalink=\"https:\/\/albanien.ch\/albanien_info\/permet_regenbogen_quadratisch\/\" data-orig-file=\"https:\/\/i0.wp.com\/albanien.ch\/albanien_info\/wp-content\/uploads\/2015\/08\/Permet_Regenbogen_quadratisch.jpg?fit=1240%2C1240&amp;ssl=1\" data-orig-size=\"1240,1240\" data-comments-opened=\"1\" data-image-meta=\"{&quot;aperture&quot;:&quot;0&quot;,&quot;credit&quot;:&quot;&quot;,&quot;camera&quot;:&quot;&quot;,&quot;caption&quot;:&quot;&quot;,&quot;created_timestamp&quot;:&quot;0&quot;,&quot;copyright&quot;:&quot;&quot;,&quot;focal_length&quot;:&quot;0&quot;,&quot;iso&quot;:&quot;0&quot;,&quot;shutter_speed&quot;:&quot;0&quot;,&quot;title&quot;:&quot;&quot;,&quot;orientation&quot;:&quot;0&quot;}\" data-image-title=\"P\u00ebrmet Regenbogen\" data-image-description=\"\" data-image-caption=\"&lt;p&gt;Regenbogen bei P\u00ebrmet&lt;\/p&gt;\n\" data-medium-file=\"https:\/\/i0.wp.com\/albanien.ch\/albanien_info\/wp-content\/uploads\/2015\/08\/Permet_Regenbogen_quadratisch.jpg?fit=300%2C300&amp;ssl=1\" data-large-file=\"https:\/\/i0.wp.com\/albanien.ch\/albanien_info\/wp-content\/uploads\/2015\/08\/Permet_Regenbogen_quadratisch.jpg?fit=525%2C525&amp;ssl=1\" src=\"https:\/\/i0.wp.com\/albanien.ch\/albanien_info\/wp-content\/uploads\/2015\/08\/Permet_Regenbogen_quadratisch.jpg?resize=525%2C525&#038;ssl=1\" alt=\"Regenbogen in S\u00fcdalbanien\" class=\"wp-image-1290\" srcset=\"https:\/\/i0.wp.com\/albanien.ch\/albanien_info\/wp-content\/uploads\/2015\/08\/Permet_Regenbogen_quadratisch.jpg?resize=1024%2C1024&amp;ssl=1 1024w, https:\/\/i0.wp.com\/albanien.ch\/albanien_info\/wp-content\/uploads\/2015\/08\/Permet_Regenbogen_quadratisch.jpg?resize=150%2C150&amp;ssl=1 150w, https:\/\/i0.wp.com\/albanien.ch\/albanien_info\/wp-content\/uploads\/2015\/08\/Permet_Regenbogen_quadratisch.jpg?resize=300%2C300&amp;ssl=1 300w, https:\/\/i0.wp.com\/albanien.ch\/albanien_info\/wp-content\/uploads\/2015\/08\/Permet_Regenbogen_quadratisch.jpg?resize=350%2C350&amp;ssl=1 350w, https:\/\/i0.wp.com\/albanien.ch\/albanien_info\/wp-content\/uploads\/2015\/08\/Permet_Regenbogen_quadratisch.jpg?w=1240&amp;ssl=1 1240w\" sizes=\"auto, (max-width: 525px) 100vw, 525px\" \/><\/figure>\n<\/div>\n\n\n\n<div class=\"wp-block-column has-text-color has-background is-layout-flow wp-block-column-is-layout-flow\" style=\"color:#5e1732;background-color:#f6c8ea\">\n<p><strong>Reisetipps <\/strong><\/p>\n\n\n\n<p><a href=\"https:\/\/albanien.ch\/albanien_info\/was-muss-ich-vor-der-reise-nach-albanien-wissen\/\"><i class=\"wp-svg-redo-2 redo-2\"><\/i> Was ich f\u00fcr die  Albanien-Reise wissen muss<\/a><\/p>\n\n\n\n<p><a href=\"https:\/\/albanien.ch\/albanien_info\/reisefuehrer-albanien\/reisetipps\/\"><i class=\"wp-svg-redo-2 redo-2\"><\/i> Alle Reisteipps<\/a> <\/p>\n\n\n\n<p>  <br><strong>\u00dcber diesen Text<\/strong><\/p>\n\n\n\n<p>Nat\u00fcrlich sind die Aussagen zum Verhalten auf dieser Seite pauschalisierend und subjektiv. Diese verallgemeinernden Aussagen entsprechen einer grossen Nachfrage, sind aber mit Vorsicht zu geniessen: Sie m\u00f6gen vielleicht f\u00fcr viele Albaner zutreffen, aber eben nicht f\u00fcr jeden.<\/p>\n\n\n\n<p>Die B\u00fccher <a href=\"https:\/\/amzn.to\/3ksauZH\" target=\"_blank\" rel=\"noreferrer noopener\">\u00bb111 Gr\u00fcnde, Albanien zu lieben\u00ab<\/a> und <a href=\"https:\/\/www.amazon.de\/Xenophobes-Guide-Albanians-Guides\/dp\/1906042187?__mk_de_DE=%C3%85M%C3%85%C5%BD%C3%95%C3%91&amp;crid=1FN87GN7IS2PC&amp;keywords=xenophobes+guide+albanians&amp;qid=1674409148&amp;sprefix=xenophobes+guide+albanians%2Caps%2C226&amp;sr=8-2&amp;linkCode=ll1&amp;tag=langweilige07-21&amp;linkId=7839905cee45d6153ff3f954f8e1aafd&amp;language=de_DE&amp;ref_=as_li_ss_tl\" target=\"_blank\" rel=\"noreferrer noopener\">\u00bbThe Xeonophobe&#8217;s Guide to the Albanians\u00ab<\/a> bieten herrlich unterhaltsame Beschreibungen typisch albanischer Eigenheiten.<\/p>\n<\/div>\n<\/div>\n\n\n\n<div style=\"height:100px\" aria-hidden=\"true\" class=\"wp-block-spacer\"><\/div>\n\n\n\n<div class=\"wp-block-columns is-layout-flex wp-container-core-columns-is-layout-9d6595d7 wp-block-columns-is-layout-flex\">\n<div class=\"wp-block-column simple-alert-boxes sab_plain sab_small is-layout-flow wp-block-column-is-layout-flow\">\n<p class=\"has-small-font-size\">Wir <a href=\"https:\/\/albanien.ch\/albanien_info\/ueber-uns\/\">Autoren<\/a> dieser Seite bereisen Albanien teilweise schon sei 30 Jahren. Wir teilen hier unser Wissen und unsere pers\u00f6nlichen Erfahrungen. <a href=\"https:\/\/albanien.ch\/albanien_info\/ueber-uns\/feedback\/\">Feedback<\/a> ist immer willkommen.<\/p>\n<\/div>\n\n\n\n<div class=\"wp-block-column simple-alert-boxes sab_plain sab_small is-layout-flow wp-block-column-is-layout-flow\">\n<p class=\"has-small-font-size\"><strong>Vollst\u00e4ndig \u00fcberpr\u00fcft und \u00fcberarbeitet:<\/strong><\/p>\n\n\n<div class=\"wp-block-post-date has-small-font-size\"><time datetime=\"2023-01-24T22:10:29+01:00\">24. Januar 2023<\/time><\/div><\/div>\n\n\n\n<div class=\"wp-block-column simple-alert-boxes sab_plain sab_small is-layout-flow wp-block-column-is-layout-flow\">\n<p class=\"has-small-font-size\"><strong>Verwandte Themen:<\/strong><\/p>\n\n\n<div class=\"taxonomy-post_tag wp-block-post-terms\"><a href=\"https:\/\/albanien.ch\/albanien_info\/tag\/gastfreundschaft\/\" rel=\"tag\">Gastfreundschaft<\/a><span class=\"wp-block-post-terms__separator\">, <\/span><a href=\"https:\/\/albanien.ch\/albanien_info\/tag\/religion\/\" rel=\"tag\">Religion<\/a><span class=\"wp-block-post-terms__separator\">, <\/span><a href=\"https:\/\/albanien.ch\/albanien_info\/tag\/tradition\/\" rel=\"tag\">Tradition<\/a><span class=\"wp-block-post-terms__separator\">, <\/span><a href=\"https:\/\/albanien.ch\/albanien_info\/tag\/verhalten\/\" rel=\"tag\">Verhalten<\/a><span class=\"wp-block-post-terms__separator\">, <\/span><a href=\"https:\/\/albanien.ch\/albanien_info\/tag\/verstaendigung\/\" rel=\"tag\">Verst\u00e4ndigung<\/a><\/div><\/div>\n<\/div>\n","protected":false},"excerpt":{"rendered":"<p>Die Albaner sind eigentlich sehr unkompliziert im Umgang. Aber das Land bietet doch seine kulturellen Eigenheiten und war auch lange abgeschieden vom Rest der Welt.&hellip;<\/p>\n","protected":false},"author":1,"featured_media":7110,"comment_status":"open","ping_status":"open","sticky":false,"template":"","format":"standard","meta":{"jetpack_post_was_ever_published":false,"_jetpack_newsletter_access":"","_jetpack_dont_email_post_to_subs":false,"_jetpack_newsletter_tier_id":0,"_jetpack_memberships_contains_paywalled_content":false,"_jetpack_memberships_contains_paid_content":false,"footnotes":""},"categories":[3,11],"tags":[433,319,434,432,82],"class_list":["post-7107","post","type-post","status-publish","format-standard","has-post-thumbnail","hentry","category-faq","category-travel-tips","tag-gastfreundschaft","tag-religion","tag-tradition","tag-verhalten","tag-verstaendigung"],"yoast_head":"<!-- This site is optimized with the Yoast SEO plugin v27.2 - https:\/\/yoast.com\/product\/yoast-seo-wordpress\/ -->\n<title>Anstand &amp; Verhalten in Albanien &#8211; albanien.ch<\/title>\n<meta name=\"description\" content=\"Online-Reisef\u00fchrer und weitere Landesinformationen zu Albanien: zahlreiche Reiseinfos und Sehensw\u00fcrdigkeiten aus erster Hand\" \/>\n<meta name=\"robots\" content=\"index, follow, max-snippet:-1, max-image-preview:large, max-video-preview:-1\" \/>\n<link rel=\"canonical\" href=\"https:\/\/albanien.ch\/albanien_info\/verhalten-in-albanien\/\" \/>\n<meta property=\"og:locale\" content=\"de_DE\" \/>\n<meta property=\"og:type\" content=\"article\" \/>\n<meta property=\"og:title\" content=\"Anstand &amp; Verhalten in Albanien &#8211; albanien.ch\" \/>\n<meta property=\"og:description\" content=\"Online-Reisef\u00fchrer und weitere Landesinformationen zu Albanien: zahlreiche Reiseinfos und Sehensw\u00fcrdigkeiten aus erster Hand\" \/>\n<meta property=\"og:url\" content=\"https:\/\/albanien.ch\/albanien_info\/verhalten-in-albanien\/\" \/>\n<meta property=\"og:site_name\" content=\"AlbINFO\" \/>\n<meta property=\"article:publisher\" content=\"https:\/\/www.facebook.com\/albaniench\/\" \/>\n<meta property=\"article:published_time\" content=\"2023-01-24T21:10:29+00:00\" \/>\n<meta property=\"article:modified_time\" content=\"2023-08-12T21:20:27+00:00\" \/>\n<meta property=\"og:image\" content=\"https:\/\/albanien.ch\/albanien_info\/wp-content\/uploads\/2023\/01\/lachende-albaner.jpg\" \/>\n\t<meta property=\"og:image:width\" content=\"1250\" \/>\n\t<meta property=\"og:image:height\" content=\"1250\" \/>\n\t<meta property=\"og:image:type\" content=\"image\/jpeg\" \/>\n<meta name=\"author\" content=\"lhadmin\" \/>\n<meta name=\"twitter:card\" content=\"summary_large_image\" \/>\n<meta name=\"twitter:creator\" content=\"@alb_info\" \/>\n<meta name=\"twitter:site\" content=\"@alb_info\" \/>\n<script type=\"application\/ld+json\" class=\"yoast-schema-graph\">{\"@context\":\"https:\/\/schema.org\",\"@graph\":[{\"@type\":\"Article\",\"@id\":\"https:\/\/albanien.ch\/albanien_info\/verhalten-in-albanien\/#article\",\"isPartOf\":{\"@id\":\"https:\/\/albanien.ch\/albanien_info\/verhalten-in-albanien\/\"},\"author\":{\"name\":\"lhadmin\",\"@id\":\"https:\/\/albanien.ch\/albanien_info\/#\/schema\/person\/488c5e9f7a4cd41d1077699508b24e09\"},\"headline\":\"Anstand &#038; Verhalten in Albanien\",\"datePublished\":\"2023-01-24T21:10:29+00:00\",\"dateModified\":\"2023-08-12T21:20:27+00:00\",\"mainEntityOfPage\":{\"@id\":\"https:\/\/albanien.ch\/albanien_info\/verhalten-in-albanien\/\"},\"wordCount\":1019,\"commentCount\":2,\"publisher\":{\"@id\":\"https:\/\/albanien.ch\/albanien_info\/#organization\"},\"image\":{\"@id\":\"https:\/\/albanien.ch\/albanien_info\/verhalten-in-albanien\/#primaryimage\"},\"thumbnailUrl\":\"https:\/\/i0.wp.com\/albanien.ch\/albanien_info\/wp-content\/uploads\/2023\/01\/lachende-albaner.jpg?fit=1250%2C1250&ssl=1\",\"keywords\":[\"Gastfreundschaft\",\"Religion\",\"Tradition\",\"Verhalten\",\"Verst\u00e4ndigung\"],\"articleSection\":[\"FAQ\",\"Reisetipps\"],\"inLanguage\":\"de\",\"potentialAction\":[{\"@type\":\"CommentAction\",\"name\":\"Comment\",\"target\":[\"https:\/\/albanien.ch\/albanien_info\/verhalten-in-albanien\/#respond\"]}]},{\"@type\":\"WebPage\",\"@id\":\"https:\/\/albanien.ch\/albanien_info\/verhalten-in-albanien\/\",\"url\":\"https:\/\/albanien.ch\/albanien_info\/verhalten-in-albanien\/\",\"name\":\"Anstand & Verhalten in Albanien &#8211; albanien.ch\",\"isPartOf\":{\"@id\":\"https:\/\/albanien.ch\/albanien_info\/#website\"},\"primaryImageOfPage\":{\"@id\":\"https:\/\/albanien.ch\/albanien_info\/verhalten-in-albanien\/#primaryimage\"},\"image\":{\"@id\":\"https:\/\/albanien.ch\/albanien_info\/verhalten-in-albanien\/#primaryimage\"},\"thumbnailUrl\":\"https:\/\/i0.wp.com\/albanien.ch\/albanien_info\/wp-content\/uploads\/2023\/01\/lachende-albaner.jpg?fit=1250%2C1250&ssl=1\",\"datePublished\":\"2023-01-24T21:10:29+00:00\",\"dateModified\":\"2023-08-12T21:20:27+00:00\",\"description\":\"Online-Reisef\u00fchrer und weitere Landesinformationen zu Albanien: zahlreiche Reiseinfos und Sehensw\u00fcrdigkeiten aus erster Hand\",\"breadcrumb\":{\"@id\":\"https:\/\/albanien.ch\/albanien_info\/verhalten-in-albanien\/#breadcrumb\"},\"inLanguage\":\"de\",\"potentialAction\":[{\"@type\":\"ReadAction\",\"target\":[\"https:\/\/albanien.ch\/albanien_info\/verhalten-in-albanien\/\"]}]},{\"@type\":\"ImageObject\",\"inLanguage\":\"de\",\"@id\":\"https:\/\/albanien.ch\/albanien_info\/verhalten-in-albanien\/#primaryimage\",\"url\":\"https:\/\/i0.wp.com\/albanien.ch\/albanien_info\/wp-content\/uploads\/2023\/01\/lachende-albaner.jpg?fit=1250%2C1250&ssl=1\",\"contentUrl\":\"https:\/\/i0.wp.com\/albanien.ch\/albanien_info\/wp-content\/uploads\/2023\/01\/lachende-albaner.jpg?fit=1250%2C1250&ssl=1\",\"width\":1250,\"height\":1250,\"caption\":\"Begegnungen unterwegs in Albanien\"},{\"@type\":\"BreadcrumbList\",\"@id\":\"https:\/\/albanien.ch\/albanien_info\/verhalten-in-albanien\/#breadcrumb\",\"itemListElement\":[{\"@type\":\"ListItem\",\"position\":1,\"name\":\"Home\",\"item\":\"https:\/\/albanien.ch\/albanien_info\/\"},{\"@type\":\"ListItem\",\"position\":2,\"name\":\"Anstand &#038; Verhalten in Albanien\"}]},{\"@type\":\"WebSite\",\"@id\":\"https:\/\/albanien.ch\/albanien_info\/#website\",\"url\":\"https:\/\/albanien.ch\/albanien_info\/\",\"name\":\"AlbINFO\",\"description\":\"Albanien Reiseinformationen von albanien.ch\",\"publisher\":{\"@id\":\"https:\/\/albanien.ch\/albanien_info\/#organization\"},\"potentialAction\":[{\"@type\":\"SearchAction\",\"target\":{\"@type\":\"EntryPoint\",\"urlTemplate\":\"https:\/\/albanien.ch\/albanien_info\/?s={search_term_string}\"},\"query-input\":{\"@type\":\"PropertyValueSpecification\",\"valueRequired\":true,\"valueName\":\"search_term_string\"}}],\"inLanguage\":\"de\"},{\"@type\":\"Organization\",\"@id\":\"https:\/\/albanien.ch\/albanien_info\/#organization\",\"name\":\"albanien.ch\",\"url\":\"https:\/\/albanien.ch\/albanien_info\/\",\"logo\":{\"@type\":\"ImageObject\",\"inLanguage\":\"de\",\"@id\":\"https:\/\/albanien.ch\/albanien_info\/#\/schema\/logo\/image\/\",\"url\":\"https:\/\/i0.wp.com\/albanien.ch\/albanien_info\/wp-content\/uploads\/2016\/11\/albaniench_square.png?fit=415%2C415&ssl=1\",\"contentUrl\":\"https:\/\/i0.wp.com\/albanien.ch\/albanien_info\/wp-content\/uploads\/2016\/11\/albaniench_square.png?fit=415%2C415&ssl=1\",\"width\":415,\"height\":415,\"caption\":\"albanien.ch\"},\"image\":{\"@id\":\"https:\/\/albanien.ch\/albanien_info\/#\/schema\/logo\/image\/\"},\"sameAs\":[\"https:\/\/www.facebook.com\/albaniench\/\",\"https:\/\/x.com\/alb_info\",\"https:\/\/www.instagram.com\/alb_info\/\"]},{\"@type\":\"Person\",\"@id\":\"https:\/\/albanien.ch\/albanien_info\/#\/schema\/person\/488c5e9f7a4cd41d1077699508b24e09\",\"name\":\"lhadmin\",\"image\":{\"@type\":\"ImageObject\",\"inLanguage\":\"de\",\"@id\":\"https:\/\/secure.gravatar.com\/avatar\/a2a57a6389b498165b641697cc70cfe9b4677cb5f0c8bfaad91a901c4f1945e8?s=96&d=mm&r=g\",\"url\":\"https:\/\/secure.gravatar.com\/avatar\/a2a57a6389b498165b641697cc70cfe9b4677cb5f0c8bfaad91a901c4f1945e8?s=96&d=mm&r=g\",\"contentUrl\":\"https:\/\/secure.gravatar.com\/avatar\/a2a57a6389b498165b641697cc70cfe9b4677cb5f0c8bfaad91a901c4f1945e8?s=96&d=mm&r=g\",\"caption\":\"lhadmin\"}}]}<\/script>\n<!-- \/ Yoast SEO plugin. -->","yoast_head_json":{"title":"Anstand & Verhalten in Albanien &#8211; albanien.ch","description":"Online-Reisef\u00fchrer und weitere Landesinformationen zu Albanien: zahlreiche Reiseinfos und Sehensw\u00fcrdigkeiten aus erster Hand","robots":{"index":"index","follow":"follow","max-snippet":"max-snippet:-1","max-image-preview":"max-image-preview:large","max-video-preview":"max-video-preview:-1"},"canonical":"https:\/\/albanien.ch\/albanien_info\/verhalten-in-albanien\/","og_locale":"de_DE","og_type":"article","og_title":"Anstand & Verhalten in Albanien &#8211; albanien.ch","og_description":"Online-Reisef\u00fchrer und weitere Landesinformationen zu Albanien: zahlreiche Reiseinfos und Sehensw\u00fcrdigkeiten aus erster Hand","og_url":"https:\/\/albanien.ch\/albanien_info\/verhalten-in-albanien\/","og_site_name":"AlbINFO","article_publisher":"https:\/\/www.facebook.com\/albaniench\/","article_published_time":"2023-01-24T21:10:29+00:00","article_modified_time":"2023-08-12T21:20:27+00:00","og_image":[{"width":1250,"height":1250,"url":"https:\/\/albanien.ch\/albanien_info\/wp-content\/uploads\/2023\/01\/lachende-albaner.jpg","type":"image\/jpeg"}],"author":"lhadmin","twitter_card":"summary_large_image","twitter_creator":"@alb_info","twitter_site":"@alb_info","schema":{"@context":"https:\/\/schema.org","@graph":[{"@type":"Article","@id":"https:\/\/albanien.ch\/albanien_info\/verhalten-in-albanien\/#article","isPartOf":{"@id":"https:\/\/albanien.ch\/albanien_info\/verhalten-in-albanien\/"},"author":{"name":"lhadmin","@id":"https:\/\/albanien.ch\/albanien_info\/#\/schema\/person\/488c5e9f7a4cd41d1077699508b24e09"},"headline":"Anstand &#038; Verhalten in Albanien","datePublished":"2023-01-24T21:10:29+00:00","dateModified":"2023-08-12T21:20:27+00:00","mainEntityOfPage":{"@id":"https:\/\/albanien.ch\/albanien_info\/verhalten-in-albanien\/"},"wordCount":1019,"commentCount":2,"publisher":{"@id":"https:\/\/albanien.ch\/albanien_info\/#organization"},"image":{"@id":"https:\/\/albanien.ch\/albanien_info\/verhalten-in-albanien\/#primaryimage"},"thumbnailUrl":"https:\/\/i0.wp.com\/albanien.ch\/albanien_info\/wp-content\/uploads\/2023\/01\/lachende-albaner.jpg?fit=1250%2C1250&ssl=1","keywords":["Gastfreundschaft","Religion","Tradition","Verhalten","Verst\u00e4ndigung"],"articleSection":["FAQ","Reisetipps"],"inLanguage":"de","potentialAction":[{"@type":"CommentAction","name":"Comment","target":["https:\/\/albanien.ch\/albanien_info\/verhalten-in-albanien\/#respond"]}]},{"@type":"WebPage","@id":"https:\/\/albanien.ch\/albanien_info\/verhalten-in-albanien\/","url":"https:\/\/albanien.ch\/albanien_info\/verhalten-in-albanien\/","name":"Anstand & Verhalten in Albanien &#8211; albanien.ch","isPartOf":{"@id":"https:\/\/albanien.ch\/albanien_info\/#website"},"primaryImageOfPage":{"@id":"https:\/\/albanien.ch\/albanien_info\/verhalten-in-albanien\/#primaryimage"},"image":{"@id":"https:\/\/albanien.ch\/albanien_info\/verhalten-in-albanien\/#primaryimage"},"thumbnailUrl":"https:\/\/i0.wp.com\/albanien.ch\/albanien_info\/wp-content\/uploads\/2023\/01\/lachende-albaner.jpg?fit=1250%2C1250&ssl=1","datePublished":"2023-01-24T21:10:29+00:00","dateModified":"2023-08-12T21:20:27+00:00","description":"Online-Reisef\u00fchrer und weitere Landesinformationen zu Albanien: zahlreiche Reiseinfos und Sehensw\u00fcrdigkeiten aus erster Hand","breadcrumb":{"@id":"https:\/\/albanien.ch\/albanien_info\/verhalten-in-albanien\/#breadcrumb"},"inLanguage":"de","potentialAction":[{"@type":"ReadAction","target":["https:\/\/albanien.ch\/albanien_info\/verhalten-in-albanien\/"]}]},{"@type":"ImageObject","inLanguage":"de","@id":"https:\/\/albanien.ch\/albanien_info\/verhalten-in-albanien\/#primaryimage","url":"https:\/\/i0.wp.com\/albanien.ch\/albanien_info\/wp-content\/uploads\/2023\/01\/lachende-albaner.jpg?fit=1250%2C1250&ssl=1","contentUrl":"https:\/\/i0.wp.com\/albanien.ch\/albanien_info\/wp-content\/uploads\/2023\/01\/lachende-albaner.jpg?fit=1250%2C1250&ssl=1","width":1250,"height":1250,"caption":"Begegnungen unterwegs in Albanien"},{"@type":"BreadcrumbList","@id":"https:\/\/albanien.ch\/albanien_info\/verhalten-in-albanien\/#breadcrumb","itemListElement":[{"@type":"ListItem","position":1,"name":"Home","item":"https:\/\/albanien.ch\/albanien_info\/"},{"@type":"ListItem","position":2,"name":"Anstand &#038; Verhalten in Albanien"}]},{"@type":"WebSite","@id":"https:\/\/albanien.ch\/albanien_info\/#website","url":"https:\/\/albanien.ch\/albanien_info\/","name":"AlbINFO","description":"Albanien Reiseinformationen von albanien.ch","publisher":{"@id":"https:\/\/albanien.ch\/albanien_info\/#organization"},"potentialAction":[{"@type":"SearchAction","target":{"@type":"EntryPoint","urlTemplate":"https:\/\/albanien.ch\/albanien_info\/?s={search_term_string}"},"query-input":{"@type":"PropertyValueSpecification","valueRequired":true,"valueName":"search_term_string"}}],"inLanguage":"de"},{"@type":"Organization","@id":"https:\/\/albanien.ch\/albanien_info\/#organization","name":"albanien.ch","url":"https:\/\/albanien.ch\/albanien_info\/","logo":{"@type":"ImageObject","inLanguage":"de","@id":"https:\/\/albanien.ch\/albanien_info\/#\/schema\/logo\/image\/","url":"https:\/\/i0.wp.com\/albanien.ch\/albanien_info\/wp-content\/uploads\/2016\/11\/albaniench_square.png?fit=415%2C415&ssl=1","contentUrl":"https:\/\/i0.wp.com\/albanien.ch\/albanien_info\/wp-content\/uploads\/2016\/11\/albaniench_square.png?fit=415%2C415&ssl=1","width":415,"height":415,"caption":"albanien.ch"},"image":{"@id":"https:\/\/albanien.ch\/albanien_info\/#\/schema\/logo\/image\/"},"sameAs":["https:\/\/www.facebook.com\/albaniench\/","https:\/\/x.com\/alb_info","https:\/\/www.instagram.com\/alb_info\/"]},{"@type":"Person","@id":"https:\/\/albanien.ch\/albanien_info\/#\/schema\/person\/488c5e9f7a4cd41d1077699508b24e09","name":"lhadmin","image":{"@type":"ImageObject","inLanguage":"de","@id":"https:\/\/secure.gravatar.com\/avatar\/a2a57a6389b498165b641697cc70cfe9b4677cb5f0c8bfaad91a901c4f1945e8?s=96&d=mm&r=g","url":"https:\/\/secure.gravatar.com\/avatar\/a2a57a6389b498165b641697cc70cfe9b4677cb5f0c8bfaad91a901c4f1945e8?s=96&d=mm&r=g","contentUrl":"https:\/\/secure.gravatar.com\/avatar\/a2a57a6389b498165b641697cc70cfe9b4677cb5f0c8bfaad91a901c4f1945e8?s=96&d=mm&r=g","caption":"lhadmin"}}]}},"jetpack_featured_media_url":"https:\/\/i0.wp.com\/albanien.ch\/albanien_info\/wp-content\/uploads\/2023\/01\/lachende-albaner.jpg?fit=1250%2C1250&ssl=1","jetpack_sharing_enabled":true,"jetpack_shortlink":"https:\/\/wp.me\/p5VAQP-1QD","_links":{"self":[{"href":"https:\/\/albanien.ch\/albanien_info\/wp-json\/wp\/v2\/posts\/7107","targetHints":{"allow":["GET"]}}],"collection":[{"href":"https:\/\/albanien.ch\/albanien_info\/wp-json\/wp\/v2\/posts"}],"about":[{"href":"https:\/\/albanien.ch\/albanien_info\/wp-json\/wp\/v2\/types\/post"}],"author":[{"embeddable":true,"href":"https:\/\/albanien.ch\/albanien_info\/wp-json\/wp\/v2\/users\/1"}],"replies":[{"embeddable":true,"href":"https:\/\/albanien.ch\/albanien_info\/wp-json\/wp\/v2\/comments?post=7107"}],"version-history":[{"count":10,"href":"https:\/\/albanien.ch\/albanien_info\/wp-json\/wp\/v2\/posts\/7107\/revisions"}],"predecessor-version":[{"id":7483,"href":"https:\/\/albanien.ch\/albanien_info\/wp-json\/wp\/v2\/posts\/7107\/revisions\/7483"}],"wp:featuredmedia":[{"embeddable":true,"href":"https:\/\/albanien.ch\/albanien_info\/wp-json\/wp\/v2\/media\/7110"}],"wp:attachment":[{"href":"https:\/\/albanien.ch\/albanien_info\/wp-json\/wp\/v2\/media?parent=7107"}],"wp:term":[{"taxonomy":"category","embeddable":true,"href":"https:\/\/albanien.ch\/albanien_info\/wp-json\/wp\/v2\/categories?post=7107"},{"taxonomy":"post_tag","embeddable":true,"href":"https:\/\/albanien.ch\/albanien_info\/wp-json\/wp\/v2\/tags?post=7107"}],"curies":[{"name":"wp","href":"https:\/\/api.w.org\/{rel}","templated":true}]}}