{"id":1229,"date":"2015-07-31T19:56:13","date_gmt":"2015-07-31T17:56:13","guid":{"rendered":"https:\/\/albanien.ch\/albanien_info\/?p=1229"},"modified":"2022-05-19T22:09:11","modified_gmt":"2022-05-19T20:09:11","slug":"ramadan","status":"publish","type":"post","link":"https:\/\/albanien.ch\/albanien_info\/ramadan\/","title":{"rendered":"Kann man Albanien und Kosovo w\u00e4hrend des Ramadans bereisen?"},"content":{"rendered":"\n<div class=\"wp-block-image\"><figure class=\"alignright size-medium\"><a href=\"https:\/\/www.albanien.ch\/albanien_info\/ramadan\/lushnja_ramadan\/\" rel=\"attachment wp-att-1231\"><img data-recalc-dims=\"1\" loading=\"lazy\" decoding=\"async\" width=\"300\" height=\"209\" data-attachment-id=\"1231\" data-permalink=\"https:\/\/albanien.ch\/albanien_info\/ramadan\/lushnja_ramadan\/\" data-orig-file=\"https:\/\/i0.wp.com\/albanien.ch\/albanien_info\/wp-content\/uploads\/2015\/07\/Lushnja_Ramadan.jpg?fit=1437%2C1000&amp;ssl=1\" data-orig-size=\"1437,1000\" data-comments-opened=\"1\" data-image-meta=\"{&quot;aperture&quot;:&quot;0&quot;,&quot;credit&quot;:&quot;&quot;,&quot;camera&quot;:&quot;&quot;,&quot;caption&quot;:&quot;&quot;,&quot;created_timestamp&quot;:&quot;0&quot;,&quot;copyright&quot;:&quot;&quot;,&quot;focal_length&quot;:&quot;0&quot;,&quot;iso&quot;:&quot;0&quot;,&quot;shutter_speed&quot;:&quot;0&quot;,&quot;title&quot;:&quot;&quot;,&quot;orientation&quot;:&quot;0&quot;}\" data-image-title=\"Lushnja Ramadan\" data-image-description=\"&lt;p&gt;Trommler feiern den Ramadan&lt;\/p&gt;\n\" data-image-caption=\"&lt;p&gt;Typisch f\u00fcr den Ramadan: Trommler auf den Strassen&lt;\/p&gt;\n\" data-medium-file=\"https:\/\/i0.wp.com\/albanien.ch\/albanien_info\/wp-content\/uploads\/2015\/07\/Lushnja_Ramadan.jpg?fit=300%2C209&amp;ssl=1\" data-large-file=\"https:\/\/i0.wp.com\/albanien.ch\/albanien_info\/wp-content\/uploads\/2015\/07\/Lushnja_Ramadan.jpg?fit=525%2C366&amp;ssl=1\" src=\"https:\/\/i0.wp.com\/albanien.ch\/albanien_info\/wp-content\/uploads\/2015\/07\/Lushnja_Ramadan.jpg?resize=300%2C209&#038;ssl=1\" alt=\"Typisch f\u00fcr den Ramadan: Trommler auf den Strassen in Albanien\" class=\"wp-image-1231\" srcset=\"https:\/\/i0.wp.com\/albanien.ch\/albanien_info\/wp-content\/uploads\/2015\/07\/Lushnja_Ramadan.jpg?resize=300%2C209&amp;ssl=1 300w, https:\/\/i0.wp.com\/albanien.ch\/albanien_info\/wp-content\/uploads\/2015\/07\/Lushnja_Ramadan.jpg?resize=1024%2C713&amp;ssl=1 1024w, https:\/\/i0.wp.com\/albanien.ch\/albanien_info\/wp-content\/uploads\/2015\/07\/Lushnja_Ramadan.jpg?w=1437&amp;ssl=1 1437w\" sizes=\"auto, (max-width: 300px) 100vw, 300px\" \/><\/a><figcaption>Typisch f\u00fcr den Ramadan: Trommler auf den Strassen<\/figcaption><\/figure><\/div>\n\n\n\n<p>W\u00e4hrend des Ramadans ver\u00e4ndert sich der Alltag in Albanien kaum. Nicht alle Muslime fasten w\u00e4hrend dieser Zeit \u2013 und die Angeh\u00f6rigen anderer Religionen leben erst recht weiter wie gewohnt. Eine Reise ist also auch zu dieser Zeit problemlos m\u00f6glich.<\/p>\n\n\n\n<p>In Albanien sind viele Rituale w\u00e4hrend des kommunistischen Religionsverbots verloren gegangen. Man gratuliert sich zwar (\u00bbG\u00ebzuar Ramazanin\u00ab), und nat\u00fcrlich ist das Ende des Ramadans, das Fastenbrechen (<em>Bajram i vog\u00ebl<\/em>), ein nationaler Feiertag (siehe Seite <a href=\"https:\/\/www.albanien.ch\/albanien_info\/feiertage\/\">Feiertage<\/a> f\u00fcr das Datum).<\/p>\n\n\n\n<p>Unter den Muslimen in Kosova und Nordmazedonien werden die religi\u00f6sen Vorschriften st\u00e4rker eingehalten. Aber auch hier sind Reisende willkommen, und der Alltag unterscheidet sich kaum von anderen Tagen.<\/p>\n\n\n\n<p>Touristen merken wohl erst nach genauem Hinschauen \u00fcberhaupt, dass Ramadan ist: Die L\u00e4den sind ge\u00f6ffnet, die Restaurants und Caf\u00e9s sind wie immer gut gef\u00fcllt, von den Baustellen l\u00e4rmt es her\u00fcber \u2013 der Alltag geht seinen gewohnten Gang. Aufmerksamere Beobachter sehen vielleicht die Festbeleuchtung und -dekoration an den Moscheen, hier und dort ein Plakat, ab und zu ein Trommler, der durch die Strasse zieht, vielleicht auch vermehrt Leute in den Moscheen.<\/p>\n\n\n\n<p>Und Letzteres ist vielleicht auch die einzige Einschr\u00e4nkung, die man als Reisender in Kauf nehmen muss: Besucher sind in dieser Zeit in den Moscheen weniger gerne gesehen (respektive die Gebetszeiten dauern l\u00e4nger).<\/p>\n\n\n\n<p>Ebenfalls zu beachten ist, dass Ramadan nicht nur Fasten bedeutet. Besonders in Kosovo, wo viele Leute fasten, sind die Restaurants abends gut besucht: Als Familie oder Gruppen von Freuden gehen die fastenden Frauen und M\u00e4nner abends ins Restaurant und m\u00f6chte gleich nach Sonnenuntergang endlch essen. Beliebte Restaurants sind deshalb w\u00e4hrend des Ramadans oft ausgebucht. Es empfiehlt sich, rechtzeitig zu reservieren und fr\u00fchzeitig \u2013 rund eine Stunde vor Sonnenuntergang \u2013 im Restaurant zu sein, um lange Wartezeiten zu vermeiden.<\/p>\n\n\n\n<figure class=\"wp-block-image alignwide\"><a href=\"https:\/\/www.albanien.ch\/albanien_info\/ramadan\/gezuar_ramazanin\/\" rel=\"attachment wp-att-1232\"><img data-recalc-dims=\"1\" loading=\"lazy\" decoding=\"async\" width=\"525\" height=\"346\" data-attachment-id=\"1232\" data-permalink=\"https:\/\/albanien.ch\/albanien_info\/ramadan\/gezuar_ramazanin\/\" data-orig-file=\"https:\/\/i0.wp.com\/albanien.ch\/albanien_info\/wp-content\/uploads\/2015\/07\/Gezuar_Ramazanin.jpg?fit=1518%2C1000&amp;ssl=1\" data-orig-size=\"1518,1000\" data-comments-opened=\"1\" data-image-meta=\"{&quot;aperture&quot;:&quot;0&quot;,&quot;credit&quot;:&quot;&quot;,&quot;camera&quot;:&quot;&quot;,&quot;caption&quot;:&quot;&quot;,&quot;created_timestamp&quot;:&quot;0&quot;,&quot;copyright&quot;:&quot;&quot;,&quot;focal_length&quot;:&quot;0&quot;,&quot;iso&quot;:&quot;0&quot;,&quot;shutter_speed&quot;:&quot;0&quot;,&quot;title&quot;:&quot;&quot;,&quot;orientation&quot;:&quot;0&quot;}\" data-image-title=\"G\u00ebzuar Ramazanin\" data-image-description=\"&lt;p&gt;Et&#8217;hem-Bey-Moschee in Tirana mit Leuchtschrift \u00bbG\u00ebzuar Ramazanin\u00ab&lt;\/p&gt;\n\" data-image-caption=\"&lt;p&gt;Leuchtschrift \u00bbG\u00ebzuar Ramazanin\u00ab&lt;\/p&gt;\n\" data-medium-file=\"https:\/\/i0.wp.com\/albanien.ch\/albanien_info\/wp-content\/uploads\/2015\/07\/Gezuar_Ramazanin.jpg?fit=300%2C198&amp;ssl=1\" data-large-file=\"https:\/\/i0.wp.com\/albanien.ch\/albanien_info\/wp-content\/uploads\/2015\/07\/Gezuar_Ramazanin.jpg?fit=525%2C346&amp;ssl=1\" src=\"https:\/\/i0.wp.com\/albanien.ch\/albanien_info\/wp-content\/uploads\/2015\/07\/Gezuar_Ramazanin.jpg?resize=525%2C346&#038;ssl=1\" alt=\"Leuchtschrift \u00bbG\u00ebzuar Ramazanin\u00ab w\u00e4hrend Ramadan an einer Moschee in Albanien\" class=\"wp-image-1232\" srcset=\"https:\/\/i0.wp.com\/albanien.ch\/albanien_info\/wp-content\/uploads\/2015\/07\/Gezuar_Ramazanin.jpg?resize=1024%2C675&amp;ssl=1 1024w, https:\/\/i0.wp.com\/albanien.ch\/albanien_info\/wp-content\/uploads\/2015\/07\/Gezuar_Ramazanin.jpg?resize=300%2C198&amp;ssl=1 300w, https:\/\/i0.wp.com\/albanien.ch\/albanien_info\/wp-content\/uploads\/2015\/07\/Gezuar_Ramazanin.jpg?w=1518&amp;ssl=1 1518w\" sizes=\"auto, (max-width: 525px) 100vw, 525px\" \/><\/a><figcaption>Leuchtschrift \u00bbG\u00ebzuar Ramazanin\u00ab an einer Moschee in Albanien<\/figcaption><\/figure>\n","protected":false},"excerpt":{"rendered":"<p>W\u00e4hrend des Ramadans ver\u00e4ndert sich der Alltag in Albanien kaum. Nicht alle Muslime fasten w\u00e4hrend dieser Zeit \u2013 und die Angeh\u00f6rigen anderer Religionen leben erst&hellip;<\/p>\n","protected":false},"author":1,"featured_media":1230,"comment_status":"open","ping_status":"open","sticky":false,"template":"","format":"standard","meta":{"jetpack_post_was_ever_published":false,"_jetpack_newsletter_access":"","_jetpack_dont_email_post_to_subs":false,"_jetpack_newsletter_tier_id":0,"_jetpack_memberships_contains_paywalled_content":false,"_jetpack_memberships_contains_paid_content":false,"footnotes":""},"categories":[3],"tags":[109,384,110,106,312,313,310,105,26],"class_list":["post-1229","post","type-post","status-publish","format-standard","has-post-thumbnail","hentry","category-faq","tag-bajram","tag-faq","tag-fastenbrechen","tag-feiertag","tag-festtage","tag-islam","tag-moschee","tag-ramadan","tag-reisen"],"yoast_head":"<!-- This site is optimized with the Yoast SEO plugin v27.2 - https:\/\/yoast.com\/product\/yoast-seo-wordpress\/ -->\n<title>Kann man Albanien und Kosovo w\u00e4hrend des Ramadans bereisen? &#8211; albanien.ch<\/title>\n<meta name=\"description\" content=\"Online-Reisef\u00fchrer und weitere Landesinformationen zu Albanien: zahlreiche Reiseinfos und Sehensw\u00fcrdigkeiten aus erster Hand\" \/>\n<meta name=\"robots\" content=\"index, follow, max-snippet:-1, max-image-preview:large, max-video-preview:-1\" \/>\n<link rel=\"canonical\" href=\"https:\/\/albanien.ch\/albanien_info\/ramadan\/\" \/>\n<meta property=\"og:locale\" content=\"de_DE\" \/>\n<meta property=\"og:type\" content=\"article\" \/>\n<meta property=\"og:title\" content=\"Kann man Albanien und Kosovo w\u00e4hrend des Ramadans bereisen? &#8211; albanien.ch\" \/>\n<meta property=\"og:description\" content=\"Online-Reisef\u00fchrer und weitere Landesinformationen zu Albanien: zahlreiche Reiseinfos und Sehensw\u00fcrdigkeiten aus erster Hand\" \/>\n<meta property=\"og:url\" content=\"https:\/\/albanien.ch\/albanien_info\/ramadan\/\" \/>\n<meta property=\"og:site_name\" content=\"AlbINFO\" \/>\n<meta property=\"article:publisher\" content=\"https:\/\/www.facebook.com\/albaniench\/\" \/>\n<meta property=\"article:published_time\" content=\"2015-07-31T17:56:13+00:00\" \/>\n<meta property=\"article:modified_time\" content=\"2022-05-19T20:09:11+00:00\" \/>\n<meta property=\"og:image\" content=\"https:\/\/albanien.ch\/albanien_info\/wp-content\/uploads\/2015\/07\/Shkodra_Minarett_quadratisch.jpg\" \/>\n\t<meta property=\"og:image:width\" content=\"1000\" \/>\n\t<meta property=\"og:image:height\" content=\"1000\" \/>\n\t<meta property=\"og:image:type\" content=\"image\/jpeg\" \/>\n<meta name=\"author\" content=\"lhadmin\" \/>\n<meta name=\"twitter:card\" content=\"summary_large_image\" \/>\n<meta name=\"twitter:creator\" content=\"@alb_info\" \/>\n<meta name=\"twitter:site\" content=\"@alb_info\" \/>\n<script type=\"application\/ld+json\" class=\"yoast-schema-graph\">{\"@context\":\"https:\/\/schema.org\",\"@graph\":[{\"@type\":\"Article\",\"@id\":\"https:\/\/albanien.ch\/albanien_info\/ramadan\/#article\",\"isPartOf\":{\"@id\":\"https:\/\/albanien.ch\/albanien_info\/ramadan\/\"},\"author\":{\"name\":\"lhadmin\",\"@id\":\"https:\/\/albanien.ch\/albanien_info\/#\/schema\/person\/488c5e9f7a4cd41d1077699508b24e09\"},\"headline\":\"Kann man Albanien und Kosovo w\u00e4hrend des Ramadans bereisen?\",\"datePublished\":\"2015-07-31T17:56:13+00:00\",\"dateModified\":\"2022-05-19T20:09:11+00:00\",\"mainEntityOfPage\":{\"@id\":\"https:\/\/albanien.ch\/albanien_info\/ramadan\/\"},\"wordCount\":333,\"commentCount\":4,\"publisher\":{\"@id\":\"https:\/\/albanien.ch\/albanien_info\/#organization\"},\"image\":{\"@id\":\"https:\/\/albanien.ch\/albanien_info\/ramadan\/#primaryimage\"},\"thumbnailUrl\":\"https:\/\/i0.wp.com\/albanien.ch\/albanien_info\/wp-content\/uploads\/2015\/07\/Shkodra_Minarett_quadratisch.jpg?fit=1000%2C1000&ssl=1\",\"keywords\":[\"Bajram\",\"FAQ\",\"Fastenbrechen\",\"Feiertag\",\"Festtage\",\"Islam\",\"Moschee\",\"Ramadan\",\"Reisen\"],\"articleSection\":[\"FAQ\"],\"inLanguage\":\"de\",\"potentialAction\":[{\"@type\":\"CommentAction\",\"name\":\"Comment\",\"target\":[\"https:\/\/albanien.ch\/albanien_info\/ramadan\/#respond\"]}]},{\"@type\":\"WebPage\",\"@id\":\"https:\/\/albanien.ch\/albanien_info\/ramadan\/\",\"url\":\"https:\/\/albanien.ch\/albanien_info\/ramadan\/\",\"name\":\"Kann man Albanien und Kosovo w\u00e4hrend des Ramadans bereisen? &#8211; albanien.ch\",\"isPartOf\":{\"@id\":\"https:\/\/albanien.ch\/albanien_info\/#website\"},\"primaryImageOfPage\":{\"@id\":\"https:\/\/albanien.ch\/albanien_info\/ramadan\/#primaryimage\"},\"image\":{\"@id\":\"https:\/\/albanien.ch\/albanien_info\/ramadan\/#primaryimage\"},\"thumbnailUrl\":\"https:\/\/i0.wp.com\/albanien.ch\/albanien_info\/wp-content\/uploads\/2015\/07\/Shkodra_Minarett_quadratisch.jpg?fit=1000%2C1000&ssl=1\",\"datePublished\":\"2015-07-31T17:56:13+00:00\",\"dateModified\":\"2022-05-19T20:09:11+00:00\",\"description\":\"Online-Reisef\u00fchrer und weitere Landesinformationen zu Albanien: zahlreiche Reiseinfos und Sehensw\u00fcrdigkeiten aus erster Hand\",\"breadcrumb\":{\"@id\":\"https:\/\/albanien.ch\/albanien_info\/ramadan\/#breadcrumb\"},\"inLanguage\":\"de\",\"potentialAction\":[{\"@type\":\"ReadAction\",\"target\":[\"https:\/\/albanien.ch\/albanien_info\/ramadan\/\"]}]},{\"@type\":\"ImageObject\",\"inLanguage\":\"de\",\"@id\":\"https:\/\/albanien.ch\/albanien_info\/ramadan\/#primaryimage\",\"url\":\"https:\/\/i0.wp.com\/albanien.ch\/albanien_info\/wp-content\/uploads\/2015\/07\/Shkodra_Minarett_quadratisch.jpg?fit=1000%2C1000&ssl=1\",\"contentUrl\":\"https:\/\/i0.wp.com\/albanien.ch\/albanien_info\/wp-content\/uploads\/2015\/07\/Shkodra_Minarett_quadratisch.jpg?fit=1000%2C1000&ssl=1\",\"width\":1000,\"height\":1000,\"caption\":\"Grosse Moschee von Shkodra\"},{\"@type\":\"BreadcrumbList\",\"@id\":\"https:\/\/albanien.ch\/albanien_info\/ramadan\/#breadcrumb\",\"itemListElement\":[{\"@type\":\"ListItem\",\"position\":1,\"name\":\"Home\",\"item\":\"https:\/\/albanien.ch\/albanien_info\/\"},{\"@type\":\"ListItem\",\"position\":2,\"name\":\"Kann man Albanien und Kosovo w\u00e4hrend des Ramadans bereisen?\"}]},{\"@type\":\"WebSite\",\"@id\":\"https:\/\/albanien.ch\/albanien_info\/#website\",\"url\":\"https:\/\/albanien.ch\/albanien_info\/\",\"name\":\"AlbINFO\",\"description\":\"Albanien Reiseinformationen von albanien.ch\",\"publisher\":{\"@id\":\"https:\/\/albanien.ch\/albanien_info\/#organization\"},\"potentialAction\":[{\"@type\":\"SearchAction\",\"target\":{\"@type\":\"EntryPoint\",\"urlTemplate\":\"https:\/\/albanien.ch\/albanien_info\/?s={search_term_string}\"},\"query-input\":{\"@type\":\"PropertyValueSpecification\",\"valueRequired\":true,\"valueName\":\"search_term_string\"}}],\"inLanguage\":\"de\"},{\"@type\":\"Organization\",\"@id\":\"https:\/\/albanien.ch\/albanien_info\/#organization\",\"name\":\"albanien.ch\",\"url\":\"https:\/\/albanien.ch\/albanien_info\/\",\"logo\":{\"@type\":\"ImageObject\",\"inLanguage\":\"de\",\"@id\":\"https:\/\/albanien.ch\/albanien_info\/#\/schema\/logo\/image\/\",\"url\":\"https:\/\/i0.wp.com\/albanien.ch\/albanien_info\/wp-content\/uploads\/2016\/11\/albaniench_square.png?fit=415%2C415&ssl=1\",\"contentUrl\":\"https:\/\/i0.wp.com\/albanien.ch\/albanien_info\/wp-content\/uploads\/2016\/11\/albaniench_square.png?fit=415%2C415&ssl=1\",\"width\":415,\"height\":415,\"caption\":\"albanien.ch\"},\"image\":{\"@id\":\"https:\/\/albanien.ch\/albanien_info\/#\/schema\/logo\/image\/\"},\"sameAs\":[\"https:\/\/www.facebook.com\/albaniench\/\",\"https:\/\/x.com\/alb_info\",\"https:\/\/www.instagram.com\/alb_info\/\"]},{\"@type\":\"Person\",\"@id\":\"https:\/\/albanien.ch\/albanien_info\/#\/schema\/person\/488c5e9f7a4cd41d1077699508b24e09\",\"name\":\"lhadmin\",\"image\":{\"@type\":\"ImageObject\",\"inLanguage\":\"de\",\"@id\":\"https:\/\/secure.gravatar.com\/avatar\/a2a57a6389b498165b641697cc70cfe9b4677cb5f0c8bfaad91a901c4f1945e8?s=96&d=mm&r=g\",\"url\":\"https:\/\/secure.gravatar.com\/avatar\/a2a57a6389b498165b641697cc70cfe9b4677cb5f0c8bfaad91a901c4f1945e8?s=96&d=mm&r=g\",\"contentUrl\":\"https:\/\/secure.gravatar.com\/avatar\/a2a57a6389b498165b641697cc70cfe9b4677cb5f0c8bfaad91a901c4f1945e8?s=96&d=mm&r=g\",\"caption\":\"lhadmin\"}}]}<\/script>\n<!-- \/ Yoast SEO plugin. -->","yoast_head_json":{"title":"Kann man Albanien und Kosovo w\u00e4hrend des Ramadans bereisen? &#8211; albanien.ch","description":"Online-Reisef\u00fchrer und weitere Landesinformationen zu Albanien: zahlreiche Reiseinfos und Sehensw\u00fcrdigkeiten aus erster Hand","robots":{"index":"index","follow":"follow","max-snippet":"max-snippet:-1","max-image-preview":"max-image-preview:large","max-video-preview":"max-video-preview:-1"},"canonical":"https:\/\/albanien.ch\/albanien_info\/ramadan\/","og_locale":"de_DE","og_type":"article","og_title":"Kann man Albanien und Kosovo w\u00e4hrend des Ramadans bereisen? &#8211; albanien.ch","og_description":"Online-Reisef\u00fchrer und weitere Landesinformationen zu Albanien: zahlreiche Reiseinfos und Sehensw\u00fcrdigkeiten aus erster Hand","og_url":"https:\/\/albanien.ch\/albanien_info\/ramadan\/","og_site_name":"AlbINFO","article_publisher":"https:\/\/www.facebook.com\/albaniench\/","article_published_time":"2015-07-31T17:56:13+00:00","article_modified_time":"2022-05-19T20:09:11+00:00","og_image":[{"width":1000,"height":1000,"url":"https:\/\/albanien.ch\/albanien_info\/wp-content\/uploads\/2015\/07\/Shkodra_Minarett_quadratisch.jpg","type":"image\/jpeg"}],"author":"lhadmin","twitter_card":"summary_large_image","twitter_creator":"@alb_info","twitter_site":"@alb_info","schema":{"@context":"https:\/\/schema.org","@graph":[{"@type":"Article","@id":"https:\/\/albanien.ch\/albanien_info\/ramadan\/#article","isPartOf":{"@id":"https:\/\/albanien.ch\/albanien_info\/ramadan\/"},"author":{"name":"lhadmin","@id":"https:\/\/albanien.ch\/albanien_info\/#\/schema\/person\/488c5e9f7a4cd41d1077699508b24e09"},"headline":"Kann man Albanien und Kosovo w\u00e4hrend des Ramadans bereisen?","datePublished":"2015-07-31T17:56:13+00:00","dateModified":"2022-05-19T20:09:11+00:00","mainEntityOfPage":{"@id":"https:\/\/albanien.ch\/albanien_info\/ramadan\/"},"wordCount":333,"commentCount":4,"publisher":{"@id":"https:\/\/albanien.ch\/albanien_info\/#organization"},"image":{"@id":"https:\/\/albanien.ch\/albanien_info\/ramadan\/#primaryimage"},"thumbnailUrl":"https:\/\/i0.wp.com\/albanien.ch\/albanien_info\/wp-content\/uploads\/2015\/07\/Shkodra_Minarett_quadratisch.jpg?fit=1000%2C1000&ssl=1","keywords":["Bajram","FAQ","Fastenbrechen","Feiertag","Festtage","Islam","Moschee","Ramadan","Reisen"],"articleSection":["FAQ"],"inLanguage":"de","potentialAction":[{"@type":"CommentAction","name":"Comment","target":["https:\/\/albanien.ch\/albanien_info\/ramadan\/#respond"]}]},{"@type":"WebPage","@id":"https:\/\/albanien.ch\/albanien_info\/ramadan\/","url":"https:\/\/albanien.ch\/albanien_info\/ramadan\/","name":"Kann man Albanien und Kosovo w\u00e4hrend des Ramadans bereisen? &#8211; albanien.ch","isPartOf":{"@id":"https:\/\/albanien.ch\/albanien_info\/#website"},"primaryImageOfPage":{"@id":"https:\/\/albanien.ch\/albanien_info\/ramadan\/#primaryimage"},"image":{"@id":"https:\/\/albanien.ch\/albanien_info\/ramadan\/#primaryimage"},"thumbnailUrl":"https:\/\/i0.wp.com\/albanien.ch\/albanien_info\/wp-content\/uploads\/2015\/07\/Shkodra_Minarett_quadratisch.jpg?fit=1000%2C1000&ssl=1","datePublished":"2015-07-31T17:56:13+00:00","dateModified":"2022-05-19T20:09:11+00:00","description":"Online-Reisef\u00fchrer und weitere Landesinformationen zu Albanien: zahlreiche Reiseinfos und Sehensw\u00fcrdigkeiten aus erster Hand","breadcrumb":{"@id":"https:\/\/albanien.ch\/albanien_info\/ramadan\/#breadcrumb"},"inLanguage":"de","potentialAction":[{"@type":"ReadAction","target":["https:\/\/albanien.ch\/albanien_info\/ramadan\/"]}]},{"@type":"ImageObject","inLanguage":"de","@id":"https:\/\/albanien.ch\/albanien_info\/ramadan\/#primaryimage","url":"https:\/\/i0.wp.com\/albanien.ch\/albanien_info\/wp-content\/uploads\/2015\/07\/Shkodra_Minarett_quadratisch.jpg?fit=1000%2C1000&ssl=1","contentUrl":"https:\/\/i0.wp.com\/albanien.ch\/albanien_info\/wp-content\/uploads\/2015\/07\/Shkodra_Minarett_quadratisch.jpg?fit=1000%2C1000&ssl=1","width":1000,"height":1000,"caption":"Grosse Moschee von Shkodra"},{"@type":"BreadcrumbList","@id":"https:\/\/albanien.ch\/albanien_info\/ramadan\/#breadcrumb","itemListElement":[{"@type":"ListItem","position":1,"name":"Home","item":"https:\/\/albanien.ch\/albanien_info\/"},{"@type":"ListItem","position":2,"name":"Kann man Albanien und Kosovo w\u00e4hrend des Ramadans bereisen?"}]},{"@type":"WebSite","@id":"https:\/\/albanien.ch\/albanien_info\/#website","url":"https:\/\/albanien.ch\/albanien_info\/","name":"AlbINFO","description":"Albanien Reiseinformationen von albanien.ch","publisher":{"@id":"https:\/\/albanien.ch\/albanien_info\/#organization"},"potentialAction":[{"@type":"SearchAction","target":{"@type":"EntryPoint","urlTemplate":"https:\/\/albanien.ch\/albanien_info\/?s={search_term_string}"},"query-input":{"@type":"PropertyValueSpecification","valueRequired":true,"valueName":"search_term_string"}}],"inLanguage":"de"},{"@type":"Organization","@id":"https:\/\/albanien.ch\/albanien_info\/#organization","name":"albanien.ch","url":"https:\/\/albanien.ch\/albanien_info\/","logo":{"@type":"ImageObject","inLanguage":"de","@id":"https:\/\/albanien.ch\/albanien_info\/#\/schema\/logo\/image\/","url":"https:\/\/i0.wp.com\/albanien.ch\/albanien_info\/wp-content\/uploads\/2016\/11\/albaniench_square.png?fit=415%2C415&ssl=1","contentUrl":"https:\/\/i0.wp.com\/albanien.ch\/albanien_info\/wp-content\/uploads\/2016\/11\/albaniench_square.png?fit=415%2C415&ssl=1","width":415,"height":415,"caption":"albanien.ch"},"image":{"@id":"https:\/\/albanien.ch\/albanien_info\/#\/schema\/logo\/image\/"},"sameAs":["https:\/\/www.facebook.com\/albaniench\/","https:\/\/x.com\/alb_info","https:\/\/www.instagram.com\/alb_info\/"]},{"@type":"Person","@id":"https:\/\/albanien.ch\/albanien_info\/#\/schema\/person\/488c5e9f7a4cd41d1077699508b24e09","name":"lhadmin","image":{"@type":"ImageObject","inLanguage":"de","@id":"https:\/\/secure.gravatar.com\/avatar\/a2a57a6389b498165b641697cc70cfe9b4677cb5f0c8bfaad91a901c4f1945e8?s=96&d=mm&r=g","url":"https:\/\/secure.gravatar.com\/avatar\/a2a57a6389b498165b641697cc70cfe9b4677cb5f0c8bfaad91a901c4f1945e8?s=96&d=mm&r=g","contentUrl":"https:\/\/secure.gravatar.com\/avatar\/a2a57a6389b498165b641697cc70cfe9b4677cb5f0c8bfaad91a901c4f1945e8?s=96&d=mm&r=g","caption":"lhadmin"}}]}},"jetpack_featured_media_url":"https:\/\/i0.wp.com\/albanien.ch\/albanien_info\/wp-content\/uploads\/2015\/07\/Shkodra_Minarett_quadratisch.jpg?fit=1000%2C1000&ssl=1","jetpack_sharing_enabled":true,"jetpack_shortlink":"https:\/\/wp.me\/s5VAQP-ramadan","_links":{"self":[{"href":"https:\/\/albanien.ch\/albanien_info\/wp-json\/wp\/v2\/posts\/1229","targetHints":{"allow":["GET"]}}],"collection":[{"href":"https:\/\/albanien.ch\/albanien_info\/wp-json\/wp\/v2\/posts"}],"about":[{"href":"https:\/\/albanien.ch\/albanien_info\/wp-json\/wp\/v2\/types\/post"}],"author":[{"embeddable":true,"href":"https:\/\/albanien.ch\/albanien_info\/wp-json\/wp\/v2\/users\/1"}],"replies":[{"embeddable":true,"href":"https:\/\/albanien.ch\/albanien_info\/wp-json\/wp\/v2\/comments?post=1229"}],"version-history":[{"count":11,"href":"https:\/\/albanien.ch\/albanien_info\/wp-json\/wp\/v2\/posts\/1229\/revisions"}],"predecessor-version":[{"id":6565,"href":"https:\/\/albanien.ch\/albanien_info\/wp-json\/wp\/v2\/posts\/1229\/revisions\/6565"}],"wp:featuredmedia":[{"embeddable":true,"href":"https:\/\/albanien.ch\/albanien_info\/wp-json\/wp\/v2\/media\/1230"}],"wp:attachment":[{"href":"https:\/\/albanien.ch\/albanien_info\/wp-json\/wp\/v2\/media?parent=1229"}],"wp:term":[{"taxonomy":"category","embeddable":true,"href":"https:\/\/albanien.ch\/albanien_info\/wp-json\/wp\/v2\/categories?post=1229"},{"taxonomy":"post_tag","embeddable":true,"href":"https:\/\/albanien.ch\/albanien_info\/wp-json\/wp\/v2\/tags?post=1229"}],"curies":[{"name":"wp","href":"https:\/\/api.w.org\/{rel}","templated":true}]}}